{"id":20202602,"date":"2024-10-05T11:53:21","date_gmt":"2024-10-05T09:53:21","guid":{"rendered":"https:\/\/lucassen.de\/hausverwaltung\/?p=20202602"},"modified":"2024-12-08T21:35:58","modified_gmt":"2024-12-08T20:35:58","slug":"beitrag_steuerrecht","status":"publish","type":"post","link":"https:\/\/lucassen.de\/hausverwaltung\/beitrag_steuerrecht.html","title":{"rendered":"K\u00fcrzere Nutzungsdauer vermieteter Geb\u00e4ude"},"content":{"rendered":"\n<h2 class=\"wp-block-heading\">Bundesfinanzhof, IX R 14\/23<\/h2>\n\n\n\n<p>F\u00fcr die Ermittlung des Abschreibungszeitraumes vermieteter Geb\u00e4ude kann eine k\u00fcrzere Nutzungsdauer ermittelt werden, als das Einkommensteuergesetz es vorgibt. Allerdings muss daf\u00fcr ein extra f\u00fcr diesen Zweck angefertigtes Gutachten vorgelegt werden. So sei f\u00fcr einen solchen Nachweis zun\u00e4chst jede sachverst\u00e4ndige Methode anwendbar, die im Einzelfall zur F\u00fchrung des erforderlichen Nachweises geeignet erscheint.<\/p>\n\n\n\n<p>Das Guthaben muss unter anderen zwingend die individuellen Begebenheiten des Geb\u00e4udes ber\u00fccksichtigen.<\/p>\n","protected":false},"excerpt":{"rendered":"<p>Bundesfinanzhof, IX R 14\/23 F\u00fcr die Ermittlung des Abschreibungszeitraumes vermieteter Geb\u00e4ude kann eine k\u00fcrzere Nutzungsdauer ermittelt werden, als das Einkommensteuergesetz es vorgibt. Allerdings muss daf\u00fcr ein extra f\u00fcr diesen Zweck angefertigtes Gutachten vorgelegt werden. So [&hellip;]<\/p>\n","protected":false},"author":1,"featured_media":20202815,"comment_status":"closed","ping_status":"closed","sticky":false,"template":"","format":"standard","meta":{"_acf_changed":false,"footnotes":""},"categories":[45,2],"tags":[50,49,51],"class_list":["post-20202602","post","type-post","status-publish","format-standard","has-post-thumbnail","hentry","category-steuerrecht","category-urteile","tag-gebaeude","tag-nutzungsdauer","tag-steuer"],"yoast_head":"<!-- This site is optimized with the Yoast SEO plugin v27.5 - https:\/\/yoast.com\/product\/yoast-seo-wordpress\/ -->\n<title>K\u00fcrzere Nutzungsdauer vermieteter Geb\u00e4ude - Lucassen Hausverwaltung<\/title>\n<meta name=\"robots\" content=\"index, follow, max-snippet:-1, max-image-preview:large, max-video-preview:-1\" \/>\n<link rel=\"canonical\" href=\"https:\/\/lucassen.de\/hausverwaltung\/beitrag_steuerrecht.html\" \/>\n<meta property=\"og:locale\" content=\"de_DE\" \/>\n<meta property=\"og:type\" content=\"article\" \/>\n<meta property=\"og:title\" content=\"K\u00fcrzere Nutzungsdauer vermieteter Geb\u00e4ude - Lucassen Hausverwaltung\" \/>\n<meta property=\"og:description\" content=\"Bundesfinanzhof, IX R 14\/23 F\u00fcr die Ermittlung des Abschreibungszeitraumes vermieteter Geb\u00e4ude kann eine k\u00fcrzere Nutzungsdauer ermittelt werden, als das Einkommensteuergesetz es vorgibt. Allerdings muss daf\u00fcr ein extra f\u00fcr diesen Zweck angefertigtes Gutachten vorgelegt werden. So [&hellip;]\" \/>\n<meta property=\"og:url\" content=\"https:\/\/lucassen.de\/hausverwaltung\/beitrag_steuerrecht.html\" \/>\n<meta property=\"og:site_name\" content=\"Lucassen Hausverwaltung\" \/>\n<meta property=\"article:author\" content=\"https:\/\/www.facebook.com\/maclucassen\/\" \/>\n<meta property=\"article:published_time\" content=\"2024-10-05T09:53:21+00:00\" \/>\n<meta property=\"article:modified_time\" content=\"2024-12-08T20:35:58+00:00\" \/>\n<meta property=\"og:image\" content=\"https:\/\/lucassen.de\/hausverwaltung\/wp-content\/uploads\/sites\/3\/Urteil.jpg\" \/>\n\t<meta property=\"og:image:width\" content=\"1882\" \/>\n\t<meta property=\"og:image:height\" content=\"1024\" \/>\n\t<meta property=\"og:image:type\" content=\"image\/jpeg\" \/>\n<meta name=\"author\" content=\"Markus Lucassen\" \/>\n<meta name=\"twitter:card\" content=\"summary_large_image\" \/>\n<meta name=\"twitter:creator\" content=\"@maclucassen\" \/>\n<meta name=\"twitter:label1\" content=\"Verfasst von\" \/>\n\t<meta name=\"twitter:data1\" content=\"Markus Lucassen\" \/>\n\t<meta name=\"twitter:label2\" content=\"Gesch\u00e4tzte Lesezeit\" \/>\n\t<meta name=\"twitter:data2\" content=\"1\u00a0Minute\" \/>\n<script type=\"application\/ld+json\" class=\"yoast-schema-graph\">{\"@context\":\"https:\\\/\\\/schema.org\",\"@graph\":[{\"@type\":\"Article\",\"@id\":\"https:\\\/\\\/lucassen.de\\\/hausverwaltung\\\/beitrag_steuerrecht.html#article\",\"isPartOf\":{\"@id\":\"https:\\\/\\\/lucassen.de\\\/hausverwaltung\\\/beitrag_steuerrecht.html\"},\"author\":{\"name\":\"Markus Lucassen\",\"@id\":\"https:\\\/\\\/lucassen.de\\\/hausverwaltung\\\/#\\\/schema\\\/person\\\/6ef7cca5a9ab3db5e1de0e24086d1374\"},\"headline\":\"K\u00fcrzere Nutzungsdauer vermieteter Geb\u00e4ude\",\"datePublished\":\"2024-10-05T09:53:21+00:00\",\"dateModified\":\"2024-12-08T20:35:58+00:00\",\"mainEntityOfPage\":{\"@id\":\"https:\\\/\\\/lucassen.de\\\/hausverwaltung\\\/beitrag_steuerrecht.html\"},\"wordCount\":83,\"publisher\":{\"@id\":\"https:\\\/\\\/lucassen.de\\\/hausverwaltung\\\/#organization\"},\"image\":{\"@id\":\"https:\\\/\\\/lucassen.de\\\/hausverwaltung\\\/beitrag_steuerrecht.html#primaryimage\"},\"thumbnailUrl\":\"https:\\\/\\\/lucassen.de\\\/hausverwaltung\\\/wp-content\\\/uploads\\\/sites\\\/3\\\/Urteil.jpg\",\"keywords\":[\"Geb\u00e4ude\",\"Nutzungsdauer\",\"Steuer\"],\"articleSection\":[\"Steuerrecht\",\"Urteile\"],\"inLanguage\":\"de\"},{\"@type\":\"WebPage\",\"@id\":\"https:\\\/\\\/lucassen.de\\\/hausverwaltung\\\/beitrag_steuerrecht.html\",\"url\":\"https:\\\/\\\/lucassen.de\\\/hausverwaltung\\\/beitrag_steuerrecht.html\",\"name\":\"K\u00fcrzere Nutzungsdauer vermieteter Geb\u00e4ude - Lucassen Hausverwaltung\",\"isPartOf\":{\"@id\":\"https:\\\/\\\/lucassen.de\\\/hausverwaltung\\\/#website\"},\"primaryImageOfPage\":{\"@id\":\"https:\\\/\\\/lucassen.de\\\/hausverwaltung\\\/beitrag_steuerrecht.html#primaryimage\"},\"image\":{\"@id\":\"https:\\\/\\\/lucassen.de\\\/hausverwaltung\\\/beitrag_steuerrecht.html#primaryimage\"},\"thumbnailUrl\":\"https:\\\/\\\/lucassen.de\\\/hausverwaltung\\\/wp-content\\\/uploads\\\/sites\\\/3\\\/Urteil.jpg\",\"datePublished\":\"2024-10-05T09:53:21+00:00\",\"dateModified\":\"2024-12-08T20:35:58+00:00\",\"breadcrumb\":{\"@id\":\"https:\\\/\\\/lucassen.de\\\/hausverwaltung\\\/beitrag_steuerrecht.html#breadcrumb\"},\"inLanguage\":\"de\",\"potentialAction\":[{\"@type\":\"ReadAction\",\"target\":[\"https:\\\/\\\/lucassen.de\\\/hausverwaltung\\\/beitrag_steuerrecht.html\"]}]},{\"@type\":\"ImageObject\",\"inLanguage\":\"de\",\"@id\":\"https:\\\/\\\/lucassen.de\\\/hausverwaltung\\\/beitrag_steuerrecht.html#primaryimage\",\"url\":\"https:\\\/\\\/lucassen.de\\\/hausverwaltung\\\/wp-content\\\/uploads\\\/sites\\\/3\\\/Urteil.jpg\",\"contentUrl\":\"https:\\\/\\\/lucassen.de\\\/hausverwaltung\\\/wp-content\\\/uploads\\\/sites\\\/3\\\/Urteil.jpg\",\"width\":1882,\"height\":1024},{\"@type\":\"BreadcrumbList\",\"@id\":\"https:\\\/\\\/lucassen.de\\\/hausverwaltung\\\/beitrag_steuerrecht.html#breadcrumb\",\"itemListElement\":[{\"@type\":\"ListItem\",\"position\":1,\"name\":\"Startseite\",\"item\":\"https:\\\/\\\/lucassen.de\\\/hausverwaltung\\\/\"},{\"@type\":\"ListItem\",\"position\":2,\"name\":\"K\u00fcrzere Nutzungsdauer vermieteter Geb\u00e4ude\"}]},{\"@type\":\"WebSite\",\"@id\":\"https:\\\/\\\/lucassen.de\\\/hausverwaltung\\\/#website\",\"url\":\"https:\\\/\\\/lucassen.de\\\/hausverwaltung\\\/\",\"name\":\"Lucassen Hausverwaltung\",\"description\":\"\",\"publisher\":{\"@id\":\"https:\\\/\\\/lucassen.de\\\/hausverwaltung\\\/#organization\"},\"potentialAction\":[{\"@type\":\"SearchAction\",\"target\":{\"@type\":\"EntryPoint\",\"urlTemplate\":\"https:\\\/\\\/lucassen.de\\\/hausverwaltung\\\/?s={search_term_string}\"},\"query-input\":{\"@type\":\"PropertyValueSpecification\",\"valueRequired\":true,\"valueName\":\"search_term_string\"}}],\"inLanguage\":\"de\"},{\"@type\":\"Organization\",\"@id\":\"https:\\\/\\\/lucassen.de\\\/hausverwaltung\\\/#organization\",\"name\":\"Lucassen Hausverwaltung\",\"url\":\"https:\\\/\\\/lucassen.de\\\/hausverwaltung\\\/\",\"logo\":{\"@type\":\"ImageObject\",\"inLanguage\":\"de\",\"@id\":\"https:\\\/\\\/lucassen.de\\\/hausverwaltung\\\/#\\\/schema\\\/logo\\\/image\\\/\",\"url\":\"https:\\\/\\\/lucassen.de\\\/hausverwaltung\\\/wp-content\\\/uploads\\\/sites\\\/3\\\/hausverwaltung_logo_2020.png\",\"contentUrl\":\"https:\\\/\\\/lucassen.de\\\/hausverwaltung\\\/wp-content\\\/uploads\\\/sites\\\/3\\\/hausverwaltung_logo_2020.png\",\"width\":277,\"height\":249,\"caption\":\"Lucassen Hausverwaltung\"},\"image\":{\"@id\":\"https:\\\/\\\/lucassen.de\\\/hausverwaltung\\\/#\\\/schema\\\/logo\\\/image\\\/\"}},{\"@type\":\"Person\",\"@id\":\"https:\\\/\\\/lucassen.de\\\/hausverwaltung\\\/#\\\/schema\\\/person\\\/6ef7cca5a9ab3db5e1de0e24086d1374\",\"name\":\"Markus Lucassen\",\"sameAs\":[\"https:\\\/\\\/www.lucassen.de\\\/hausverwaltung\",\"https:\\\/\\\/www.facebook.com\\\/maclucassen\\\/\",\"https:\\\/\\\/www.instagram.com\\\/maclucassen\\\/\",\"https:\\\/\\\/www.linkedin.com\\\/in\\\/lucassen\\\/\",\"https:\\\/\\\/www.pinterest.de\\\/markuslucassen\\\/\",\"https:\\\/\\\/x.com\\\/maclucassen\"]}]}<\/script>\n<!-- \/ Yoast SEO plugin. -->","yoast_head_json":{"title":"K\u00fcrzere Nutzungsdauer vermieteter Geb\u00e4ude - Lucassen Hausverwaltung","robots":{"index":"index","follow":"follow","max-snippet":"max-snippet:-1","max-image-preview":"max-image-preview:large","max-video-preview":"max-video-preview:-1"},"canonical":"https:\/\/lucassen.de\/hausverwaltung\/beitrag_steuerrecht.html","og_locale":"de_DE","og_type":"article","og_title":"K\u00fcrzere Nutzungsdauer vermieteter Geb\u00e4ude - Lucassen Hausverwaltung","og_description":"Bundesfinanzhof, IX R 14\/23 F\u00fcr die Ermittlung des Abschreibungszeitraumes vermieteter Geb\u00e4ude kann eine k\u00fcrzere Nutzungsdauer ermittelt werden, als das Einkommensteuergesetz es vorgibt. Allerdings muss daf\u00fcr ein extra f\u00fcr diesen Zweck angefertigtes Gutachten vorgelegt werden. So [&hellip;]","og_url":"https:\/\/lucassen.de\/hausverwaltung\/beitrag_steuerrecht.html","og_site_name":"Lucassen Hausverwaltung","article_author":"https:\/\/www.facebook.com\/maclucassen\/","article_published_time":"2024-10-05T09:53:21+00:00","article_modified_time":"2024-12-08T20:35:58+00:00","og_image":[{"width":1882,"height":1024,"url":"https:\/\/lucassen.de\/hausverwaltung\/wp-content\/uploads\/sites\/3\/Urteil.jpg","type":"image\/jpeg"}],"author":"Markus Lucassen","twitter_card":"summary_large_image","twitter_creator":"@maclucassen","twitter_misc":{"Verfasst von":"Markus Lucassen","Gesch\u00e4tzte Lesezeit":"1\u00a0Minute"},"schema":{"@context":"https:\/\/schema.org","@graph":[{"@type":"Article","@id":"https:\/\/lucassen.de\/hausverwaltung\/beitrag_steuerrecht.html#article","isPartOf":{"@id":"https:\/\/lucassen.de\/hausverwaltung\/beitrag_steuerrecht.html"},"author":{"name":"Markus Lucassen","@id":"https:\/\/lucassen.de\/hausverwaltung\/#\/schema\/person\/6ef7cca5a9ab3db5e1de0e24086d1374"},"headline":"K\u00fcrzere Nutzungsdauer vermieteter Geb\u00e4ude","datePublished":"2024-10-05T09:53:21+00:00","dateModified":"2024-12-08T20:35:58+00:00","mainEntityOfPage":{"@id":"https:\/\/lucassen.de\/hausverwaltung\/beitrag_steuerrecht.html"},"wordCount":83,"publisher":{"@id":"https:\/\/lucassen.de\/hausverwaltung\/#organization"},"image":{"@id":"https:\/\/lucassen.de\/hausverwaltung\/beitrag_steuerrecht.html#primaryimage"},"thumbnailUrl":"https:\/\/lucassen.de\/hausverwaltung\/wp-content\/uploads\/sites\/3\/Urteil.jpg","keywords":["Geb\u00e4ude","Nutzungsdauer","Steuer"],"articleSection":["Steuerrecht","Urteile"],"inLanguage":"de"},{"@type":"WebPage","@id":"https:\/\/lucassen.de\/hausverwaltung\/beitrag_steuerrecht.html","url":"https:\/\/lucassen.de\/hausverwaltung\/beitrag_steuerrecht.html","name":"K\u00fcrzere Nutzungsdauer vermieteter Geb\u00e4ude - Lucassen Hausverwaltung","isPartOf":{"@id":"https:\/\/lucassen.de\/hausverwaltung\/#website"},"primaryImageOfPage":{"@id":"https:\/\/lucassen.de\/hausverwaltung\/beitrag_steuerrecht.html#primaryimage"},"image":{"@id":"https:\/\/lucassen.de\/hausverwaltung\/beitrag_steuerrecht.html#primaryimage"},"thumbnailUrl":"https:\/\/lucassen.de\/hausverwaltung\/wp-content\/uploads\/sites\/3\/Urteil.jpg","datePublished":"2024-10-05T09:53:21+00:00","dateModified":"2024-12-08T20:35:58+00:00","breadcrumb":{"@id":"https:\/\/lucassen.de\/hausverwaltung\/beitrag_steuerrecht.html#breadcrumb"},"inLanguage":"de","potentialAction":[{"@type":"ReadAction","target":["https:\/\/lucassen.de\/hausverwaltung\/beitrag_steuerrecht.html"]}]},{"@type":"ImageObject","inLanguage":"de","@id":"https:\/\/lucassen.de\/hausverwaltung\/beitrag_steuerrecht.html#primaryimage","url":"https:\/\/lucassen.de\/hausverwaltung\/wp-content\/uploads\/sites\/3\/Urteil.jpg","contentUrl":"https:\/\/lucassen.de\/hausverwaltung\/wp-content\/uploads\/sites\/3\/Urteil.jpg","width":1882,"height":1024},{"@type":"BreadcrumbList","@id":"https:\/\/lucassen.de\/hausverwaltung\/beitrag_steuerrecht.html#breadcrumb","itemListElement":[{"@type":"ListItem","position":1,"name":"Startseite","item":"https:\/\/lucassen.de\/hausverwaltung\/"},{"@type":"ListItem","position":2,"name":"K\u00fcrzere Nutzungsdauer vermieteter Geb\u00e4ude"}]},{"@type":"WebSite","@id":"https:\/\/lucassen.de\/hausverwaltung\/#website","url":"https:\/\/lucassen.de\/hausverwaltung\/","name":"Lucassen Hausverwaltung","description":"","publisher":{"@id":"https:\/\/lucassen.de\/hausverwaltung\/#organization"},"potentialAction":[{"@type":"SearchAction","target":{"@type":"EntryPoint","urlTemplate":"https:\/\/lucassen.de\/hausverwaltung\/?s={search_term_string}"},"query-input":{"@type":"PropertyValueSpecification","valueRequired":true,"valueName":"search_term_string"}}],"inLanguage":"de"},{"@type":"Organization","@id":"https:\/\/lucassen.de\/hausverwaltung\/#organization","name":"Lucassen Hausverwaltung","url":"https:\/\/lucassen.de\/hausverwaltung\/","logo":{"@type":"ImageObject","inLanguage":"de","@id":"https:\/\/lucassen.de\/hausverwaltung\/#\/schema\/logo\/image\/","url":"https:\/\/lucassen.de\/hausverwaltung\/wp-content\/uploads\/sites\/3\/hausverwaltung_logo_2020.png","contentUrl":"https:\/\/lucassen.de\/hausverwaltung\/wp-content\/uploads\/sites\/3\/hausverwaltung_logo_2020.png","width":277,"height":249,"caption":"Lucassen Hausverwaltung"},"image":{"@id":"https:\/\/lucassen.de\/hausverwaltung\/#\/schema\/logo\/image\/"}},{"@type":"Person","@id":"https:\/\/lucassen.de\/hausverwaltung\/#\/schema\/person\/6ef7cca5a9ab3db5e1de0e24086d1374","name":"Markus Lucassen","sameAs":["https:\/\/www.lucassen.de\/hausverwaltung","https:\/\/www.facebook.com\/maclucassen\/","https:\/\/www.instagram.com\/maclucassen\/","https:\/\/www.linkedin.com\/in\/lucassen\/","https:\/\/www.pinterest.de\/markuslucassen\/","https:\/\/x.com\/maclucassen"]}]}},"acf":[],"_links":{"self":[{"href":"https:\/\/lucassen.de\/hausverwaltung\/wp-json\/wp\/v2\/posts\/20202602","targetHints":{"allow":["GET"]}}],"collection":[{"href":"https:\/\/lucassen.de\/hausverwaltung\/wp-json\/wp\/v2\/posts"}],"about":[{"href":"https:\/\/lucassen.de\/hausverwaltung\/wp-json\/wp\/v2\/types\/post"}],"author":[{"embeddable":true,"href":"https:\/\/lucassen.de\/hausverwaltung\/wp-json\/wp\/v2\/users\/1"}],"replies":[{"embeddable":true,"href":"https:\/\/lucassen.de\/hausverwaltung\/wp-json\/wp\/v2\/comments?post=20202602"}],"version-history":[{"count":2,"href":"https:\/\/lucassen.de\/hausverwaltung\/wp-json\/wp\/v2\/posts\/20202602\/revisions"}],"predecessor-version":[{"id":20202605,"href":"https:\/\/lucassen.de\/hausverwaltung\/wp-json\/wp\/v2\/posts\/20202602\/revisions\/20202605"}],"wp:featuredmedia":[{"embeddable":true,"href":"https:\/\/lucassen.de\/hausverwaltung\/wp-json\/wp\/v2\/media\/20202815"}],"wp:attachment":[{"href":"https:\/\/lucassen.de\/hausverwaltung\/wp-json\/wp\/v2\/media?parent=20202602"}],"wp:term":[{"taxonomy":"category","embeddable":true,"href":"https:\/\/lucassen.de\/hausverwaltung\/wp-json\/wp\/v2\/categories?post=20202602"},{"taxonomy":"post_tag","embeddable":true,"href":"https:\/\/lucassen.de\/hausverwaltung\/wp-json\/wp\/v2\/tags?post=20202602"}],"curies":[{"name":"wp","href":"https:\/\/api.w.org\/{rel}","templated":true}]}}