{"id":20202606,"date":"2024-10-05T12:04:13","date_gmt":"2024-10-05T10:04:13","guid":{"rendered":"https:\/\/lucassen.de\/hausverwaltung\/?p=20202606"},"modified":"2024-11-16T01:55:57","modified_gmt":"2024-11-16T00:55:57","slug":"beitrag_kaelte-mietminderung","status":"publish","type":"post","link":"https:\/\/lucassen.de\/hausverwaltung\/beitrag_kaelte-mietminderung.html","title":{"rendered":"K\u00e4lte: Mietminderung m\u00f6glich"},"content":{"rendered":"\n<h2 class=\"wp-block-heading\">Amtsgericht K\u00f6ln, Az. 220 C 152\/07 <\/h2>\n\n\n\n<p>Am 1. Oktober beginnt in der Regel die Heizsaison, die bis zum 30. April andauert. Gesetzlich festgelegt ist das zwar nicht, hat sich aber aus der Rechtsprechung so ergeben, teilt der Verbraucherschutzverband <a href=\"https:\/\/www.wohnen-im-eigentum.de\">Wohnen im Eigentum (WiE)<\/a> mit. In dieser Zeit sind Vermieter und Hausverwalter verpflichtet, die Betriebsf\u00e4higkeit der Heizungsanlage sicherzustellen, damit Mieter und Wohnungseigent\u00fcmer gewisse Mindesttemperaturen in ihren Wohnr\u00e4umen erreichen k\u00f6nnen.<\/p>\n\n\n\n<p>So haben Verbraucher tags\u00fcber Anspruch auf eine Raumtemperatur von 20 bis 22 Grad Celsius in ihren Wohnungen. In der Nacht zwischen 0 und 6 Uhr sind WiE zufolge 18 Grad Celsius ausreichend.<br>In dieser Zeit kann die Leistung der Heizungsanlage daher abgesenkt werden, um Energie zu sparen.<\/p>\n\n\n\n<p>Werden die genannten Temperaturen nicht erreicht werden, liegt bei Mietern ein Mangel vor, den sie ihrem Vermieter melden sollten. Dieser ist verpflichtet, den Mangel umgehend zu beseitigen und die Funktionsf\u00e4higkeit der Heizung herzustellen. Bis das passiert ist, haben Mietparteien laut WiE das Recht, die Miete zu mindern.<\/p>\n\n\n\n<p><u>\u00dcbrigens:<\/u> In der Gemeinschaftsordnung einer Wohnungseigent\u00fcmergesellschaft oder einem Mietvertrag kann zwar grunds\u00e4tzlich auch ein anderer Zeitraum f\u00fcr die Heizperiode benannt werden. Dieser d\u00fcrfe aber lediglich l\u00e4nger, keineswegs k\u00fcrzer als von Oktober bis April sein, so WiE.<\/p>\n\n\n\n<p><u>Zudem gilt:<\/u> Auch au\u00dferhalb der Heizperiode muss die Heizung in Betrieb genommen werden, falls die Au\u00dfentemperatur drei Tage in Folge unter zw\u00f6lf Grad Celsius liegt.<\/p>\n","protected":false},"excerpt":{"rendered":"<p>Amtsgericht K\u00f6ln, Az. 220 C 152\/07 Am 1. Oktober beginnt in der Regel die Heizsaison, die bis zum 30. April andauert. Gesetzlich festgelegt ist das zwar nicht, hat sich aber aus der Rechtsprechung so ergeben, [&hellip;]<\/p>\n","protected":false},"author":1,"featured_media":20202815,"comment_status":"closed","ping_status":"closed","sticky":false,"template":"","format":"standard","meta":{"_acf_changed":false,"footnotes":"[]"},"categories":[2],"tags":[46,47,29,48],"class_list":["post-20202606","post","type-post","status-publish","format-standard","has-post-thumbnail","hentry","category-urteile","tag-kaelte","tag-temperatur","tag-winter","tag-zimmer"],"yoast_head":"<!-- This site is optimized with the Yoast SEO plugin v27.5 - https:\/\/yoast.com\/product\/yoast-seo-wordpress\/ -->\n<title>K\u00e4lte: Mietminderung m\u00f6glich - Lucassen Hausverwaltung<\/title>\n<meta name=\"robots\" content=\"index, follow, max-snippet:-1, max-image-preview:large, max-video-preview:-1\" \/>\n<link rel=\"canonical\" href=\"https:\/\/lucassen.de\/hausverwaltung\/beitrag_kaelte-mietminderung.html\" \/>\n<meta property=\"og:locale\" content=\"de_DE\" \/>\n<meta property=\"og:type\" content=\"article\" \/>\n<meta property=\"og:title\" content=\"K\u00e4lte: Mietminderung m\u00f6glich - Lucassen Hausverwaltung\" \/>\n<meta property=\"og:description\" content=\"Amtsgericht K\u00f6ln, Az. 220 C 152\/07 Am 1. Oktober beginnt in der Regel die Heizsaison, die bis zum 30. April andauert. Gesetzlich festgelegt ist das zwar nicht, hat sich aber aus der Rechtsprechung so ergeben, [&hellip;]\" \/>\n<meta property=\"og:url\" content=\"https:\/\/lucassen.de\/hausverwaltung\/beitrag_kaelte-mietminderung.html\" \/>\n<meta property=\"og:site_name\" content=\"Lucassen Hausverwaltung\" \/>\n<meta property=\"article:author\" content=\"https:\/\/www.facebook.com\/maclucassen\/\" \/>\n<meta property=\"article:published_time\" content=\"2024-10-05T10:04:13+00:00\" \/>\n<meta property=\"article:modified_time\" content=\"2024-11-16T00:55:57+00:00\" \/>\n<meta property=\"og:image\" content=\"https:\/\/lucassen.de\/hausverwaltung\/wp-content\/uploads\/sites\/3\/Urteil.jpg\" \/>\n\t<meta property=\"og:image:width\" content=\"1882\" \/>\n\t<meta property=\"og:image:height\" content=\"1024\" \/>\n\t<meta property=\"og:image:type\" content=\"image\/jpeg\" \/>\n<meta name=\"author\" content=\"Markus Lucassen\" \/>\n<meta name=\"twitter:card\" content=\"summary_large_image\" \/>\n<meta name=\"twitter:creator\" content=\"@maclucassen\" \/>\n<meta name=\"twitter:label1\" content=\"Verfasst von\" \/>\n\t<meta name=\"twitter:data1\" content=\"Markus Lucassen\" \/>\n\t<meta name=\"twitter:label2\" content=\"Gesch\u00e4tzte Lesezeit\" \/>\n\t<meta name=\"twitter:data2\" content=\"2\u00a0Minuten\" \/>\n<script type=\"application\/ld+json\" class=\"yoast-schema-graph\">{\"@context\":\"https:\\\/\\\/schema.org\",\"@graph\":[{\"@type\":\"Article\",\"@id\":\"https:\\\/\\\/lucassen.de\\\/hausverwaltung\\\/beitrag_kaelte-mietminderung.html#article\",\"isPartOf\":{\"@id\":\"https:\\\/\\\/lucassen.de\\\/hausverwaltung\\\/beitrag_kaelte-mietminderung.html\"},\"author\":{\"name\":\"Markus Lucassen\",\"@id\":\"https:\\\/\\\/lucassen.de\\\/hausverwaltung\\\/#\\\/schema\\\/person\\\/6ef7cca5a9ab3db5e1de0e24086d1374\"},\"headline\":\"K\u00e4lte: Mietminderung m\u00f6glich\",\"datePublished\":\"2024-10-05T10:04:13+00:00\",\"dateModified\":\"2024-11-16T00:55:57+00:00\",\"mainEntityOfPage\":{\"@id\":\"https:\\\/\\\/lucassen.de\\\/hausverwaltung\\\/beitrag_kaelte-mietminderung.html\"},\"wordCount\":234,\"publisher\":{\"@id\":\"https:\\\/\\\/lucassen.de\\\/hausverwaltung\\\/#organization\"},\"image\":{\"@id\":\"https:\\\/\\\/lucassen.de\\\/hausverwaltung\\\/beitrag_kaelte-mietminderung.html#primaryimage\"},\"thumbnailUrl\":\"https:\\\/\\\/lucassen.de\\\/hausverwaltung\\\/wp-content\\\/uploads\\\/sites\\\/3\\\/Urteil.jpg\",\"keywords\":[\"K\u00e4lte\",\"Temperatur\",\"Winter\",\"Zimmer\"],\"articleSection\":[\"Urteile\"],\"inLanguage\":\"de\"},{\"@type\":\"WebPage\",\"@id\":\"https:\\\/\\\/lucassen.de\\\/hausverwaltung\\\/beitrag_kaelte-mietminderung.html\",\"url\":\"https:\\\/\\\/lucassen.de\\\/hausverwaltung\\\/beitrag_kaelte-mietminderung.html\",\"name\":\"K\u00e4lte: Mietminderung m\u00f6glich - Lucassen Hausverwaltung\",\"isPartOf\":{\"@id\":\"https:\\\/\\\/lucassen.de\\\/hausverwaltung\\\/#website\"},\"primaryImageOfPage\":{\"@id\":\"https:\\\/\\\/lucassen.de\\\/hausverwaltung\\\/beitrag_kaelte-mietminderung.html#primaryimage\"},\"image\":{\"@id\":\"https:\\\/\\\/lucassen.de\\\/hausverwaltung\\\/beitrag_kaelte-mietminderung.html#primaryimage\"},\"thumbnailUrl\":\"https:\\\/\\\/lucassen.de\\\/hausverwaltung\\\/wp-content\\\/uploads\\\/sites\\\/3\\\/Urteil.jpg\",\"datePublished\":\"2024-10-05T10:04:13+00:00\",\"dateModified\":\"2024-11-16T00:55:57+00:00\",\"breadcrumb\":{\"@id\":\"https:\\\/\\\/lucassen.de\\\/hausverwaltung\\\/beitrag_kaelte-mietminderung.html#breadcrumb\"},\"inLanguage\":\"de\",\"potentialAction\":[{\"@type\":\"ReadAction\",\"target\":[\"https:\\\/\\\/lucassen.de\\\/hausverwaltung\\\/beitrag_kaelte-mietminderung.html\"]}]},{\"@type\":\"ImageObject\",\"inLanguage\":\"de\",\"@id\":\"https:\\\/\\\/lucassen.de\\\/hausverwaltung\\\/beitrag_kaelte-mietminderung.html#primaryimage\",\"url\":\"https:\\\/\\\/lucassen.de\\\/hausverwaltung\\\/wp-content\\\/uploads\\\/sites\\\/3\\\/Urteil.jpg\",\"contentUrl\":\"https:\\\/\\\/lucassen.de\\\/hausverwaltung\\\/wp-content\\\/uploads\\\/sites\\\/3\\\/Urteil.jpg\",\"width\":1882,\"height\":1024},{\"@type\":\"BreadcrumbList\",\"@id\":\"https:\\\/\\\/lucassen.de\\\/hausverwaltung\\\/beitrag_kaelte-mietminderung.html#breadcrumb\",\"itemListElement\":[{\"@type\":\"ListItem\",\"position\":1,\"name\":\"Startseite\",\"item\":\"https:\\\/\\\/lucassen.de\\\/hausverwaltung\\\/\"},{\"@type\":\"ListItem\",\"position\":2,\"name\":\"K\u00e4lte: Mietminderung m\u00f6glich\"}]},{\"@type\":\"WebSite\",\"@id\":\"https:\\\/\\\/lucassen.de\\\/hausverwaltung\\\/#website\",\"url\":\"https:\\\/\\\/lucassen.de\\\/hausverwaltung\\\/\",\"name\":\"Lucassen Hausverwaltung\",\"description\":\"\",\"publisher\":{\"@id\":\"https:\\\/\\\/lucassen.de\\\/hausverwaltung\\\/#organization\"},\"potentialAction\":[{\"@type\":\"SearchAction\",\"target\":{\"@type\":\"EntryPoint\",\"urlTemplate\":\"https:\\\/\\\/lucassen.de\\\/hausverwaltung\\\/?s={search_term_string}\"},\"query-input\":{\"@type\":\"PropertyValueSpecification\",\"valueRequired\":true,\"valueName\":\"search_term_string\"}}],\"inLanguage\":\"de\"},{\"@type\":\"Organization\",\"@id\":\"https:\\\/\\\/lucassen.de\\\/hausverwaltung\\\/#organization\",\"name\":\"Lucassen Hausverwaltung\",\"url\":\"https:\\\/\\\/lucassen.de\\\/hausverwaltung\\\/\",\"logo\":{\"@type\":\"ImageObject\",\"inLanguage\":\"de\",\"@id\":\"https:\\\/\\\/lucassen.de\\\/hausverwaltung\\\/#\\\/schema\\\/logo\\\/image\\\/\",\"url\":\"https:\\\/\\\/lucassen.de\\\/hausverwaltung\\\/wp-content\\\/uploads\\\/sites\\\/3\\\/hausverwaltung_logo_2020.png\",\"contentUrl\":\"https:\\\/\\\/lucassen.de\\\/hausverwaltung\\\/wp-content\\\/uploads\\\/sites\\\/3\\\/hausverwaltung_logo_2020.png\",\"width\":277,\"height\":249,\"caption\":\"Lucassen Hausverwaltung\"},\"image\":{\"@id\":\"https:\\\/\\\/lucassen.de\\\/hausverwaltung\\\/#\\\/schema\\\/logo\\\/image\\\/\"}},{\"@type\":\"Person\",\"@id\":\"https:\\\/\\\/lucassen.de\\\/hausverwaltung\\\/#\\\/schema\\\/person\\\/6ef7cca5a9ab3db5e1de0e24086d1374\",\"name\":\"Markus Lucassen\",\"sameAs\":[\"https:\\\/\\\/www.lucassen.de\\\/hausverwaltung\",\"https:\\\/\\\/www.facebook.com\\\/maclucassen\\\/\",\"https:\\\/\\\/www.instagram.com\\\/maclucassen\\\/\",\"https:\\\/\\\/www.linkedin.com\\\/in\\\/lucassen\\\/\",\"https:\\\/\\\/www.pinterest.de\\\/markuslucassen\\\/\",\"https:\\\/\\\/x.com\\\/maclucassen\"]}]}<\/script>\n<!-- \/ Yoast SEO plugin. -->","yoast_head_json":{"title":"K\u00e4lte: Mietminderung m\u00f6glich - Lucassen Hausverwaltung","robots":{"index":"index","follow":"follow","max-snippet":"max-snippet:-1","max-image-preview":"max-image-preview:large","max-video-preview":"max-video-preview:-1"},"canonical":"https:\/\/lucassen.de\/hausverwaltung\/beitrag_kaelte-mietminderung.html","og_locale":"de_DE","og_type":"article","og_title":"K\u00e4lte: Mietminderung m\u00f6glich - Lucassen Hausverwaltung","og_description":"Amtsgericht K\u00f6ln, Az. 220 C 152\/07 Am 1. Oktober beginnt in der Regel die Heizsaison, die bis zum 30. April andauert. Gesetzlich festgelegt ist das zwar nicht, hat sich aber aus der Rechtsprechung so ergeben, [&hellip;]","og_url":"https:\/\/lucassen.de\/hausverwaltung\/beitrag_kaelte-mietminderung.html","og_site_name":"Lucassen Hausverwaltung","article_author":"https:\/\/www.facebook.com\/maclucassen\/","article_published_time":"2024-10-05T10:04:13+00:00","article_modified_time":"2024-11-16T00:55:57+00:00","og_image":[{"width":1882,"height":1024,"url":"https:\/\/lucassen.de\/hausverwaltung\/wp-content\/uploads\/sites\/3\/Urteil.jpg","type":"image\/jpeg"}],"author":"Markus Lucassen","twitter_card":"summary_large_image","twitter_creator":"@maclucassen","twitter_misc":{"Verfasst von":"Markus Lucassen","Gesch\u00e4tzte Lesezeit":"2\u00a0Minuten"},"schema":{"@context":"https:\/\/schema.org","@graph":[{"@type":"Article","@id":"https:\/\/lucassen.de\/hausverwaltung\/beitrag_kaelte-mietminderung.html#article","isPartOf":{"@id":"https:\/\/lucassen.de\/hausverwaltung\/beitrag_kaelte-mietminderung.html"},"author":{"name":"Markus Lucassen","@id":"https:\/\/lucassen.de\/hausverwaltung\/#\/schema\/person\/6ef7cca5a9ab3db5e1de0e24086d1374"},"headline":"K\u00e4lte: Mietminderung m\u00f6glich","datePublished":"2024-10-05T10:04:13+00:00","dateModified":"2024-11-16T00:55:57+00:00","mainEntityOfPage":{"@id":"https:\/\/lucassen.de\/hausverwaltung\/beitrag_kaelte-mietminderung.html"},"wordCount":234,"publisher":{"@id":"https:\/\/lucassen.de\/hausverwaltung\/#organization"},"image":{"@id":"https:\/\/lucassen.de\/hausverwaltung\/beitrag_kaelte-mietminderung.html#primaryimage"},"thumbnailUrl":"https:\/\/lucassen.de\/hausverwaltung\/wp-content\/uploads\/sites\/3\/Urteil.jpg","keywords":["K\u00e4lte","Temperatur","Winter","Zimmer"],"articleSection":["Urteile"],"inLanguage":"de"},{"@type":"WebPage","@id":"https:\/\/lucassen.de\/hausverwaltung\/beitrag_kaelte-mietminderung.html","url":"https:\/\/lucassen.de\/hausverwaltung\/beitrag_kaelte-mietminderung.html","name":"K\u00e4lte: Mietminderung m\u00f6glich - Lucassen Hausverwaltung","isPartOf":{"@id":"https:\/\/lucassen.de\/hausverwaltung\/#website"},"primaryImageOfPage":{"@id":"https:\/\/lucassen.de\/hausverwaltung\/beitrag_kaelte-mietminderung.html#primaryimage"},"image":{"@id":"https:\/\/lucassen.de\/hausverwaltung\/beitrag_kaelte-mietminderung.html#primaryimage"},"thumbnailUrl":"https:\/\/lucassen.de\/hausverwaltung\/wp-content\/uploads\/sites\/3\/Urteil.jpg","datePublished":"2024-10-05T10:04:13+00:00","dateModified":"2024-11-16T00:55:57+00:00","breadcrumb":{"@id":"https:\/\/lucassen.de\/hausverwaltung\/beitrag_kaelte-mietminderung.html#breadcrumb"},"inLanguage":"de","potentialAction":[{"@type":"ReadAction","target":["https:\/\/lucassen.de\/hausverwaltung\/beitrag_kaelte-mietminderung.html"]}]},{"@type":"ImageObject","inLanguage":"de","@id":"https:\/\/lucassen.de\/hausverwaltung\/beitrag_kaelte-mietminderung.html#primaryimage","url":"https:\/\/lucassen.de\/hausverwaltung\/wp-content\/uploads\/sites\/3\/Urteil.jpg","contentUrl":"https:\/\/lucassen.de\/hausverwaltung\/wp-content\/uploads\/sites\/3\/Urteil.jpg","width":1882,"height":1024},{"@type":"BreadcrumbList","@id":"https:\/\/lucassen.de\/hausverwaltung\/beitrag_kaelte-mietminderung.html#breadcrumb","itemListElement":[{"@type":"ListItem","position":1,"name":"Startseite","item":"https:\/\/lucassen.de\/hausverwaltung\/"},{"@type":"ListItem","position":2,"name":"K\u00e4lte: Mietminderung m\u00f6glich"}]},{"@type":"WebSite","@id":"https:\/\/lucassen.de\/hausverwaltung\/#website","url":"https:\/\/lucassen.de\/hausverwaltung\/","name":"Lucassen Hausverwaltung","description":"","publisher":{"@id":"https:\/\/lucassen.de\/hausverwaltung\/#organization"},"potentialAction":[{"@type":"SearchAction","target":{"@type":"EntryPoint","urlTemplate":"https:\/\/lucassen.de\/hausverwaltung\/?s={search_term_string}"},"query-input":{"@type":"PropertyValueSpecification","valueRequired":true,"valueName":"search_term_string"}}],"inLanguage":"de"},{"@type":"Organization","@id":"https:\/\/lucassen.de\/hausverwaltung\/#organization","name":"Lucassen Hausverwaltung","url":"https:\/\/lucassen.de\/hausverwaltung\/","logo":{"@type":"ImageObject","inLanguage":"de","@id":"https:\/\/lucassen.de\/hausverwaltung\/#\/schema\/logo\/image\/","url":"https:\/\/lucassen.de\/hausverwaltung\/wp-content\/uploads\/sites\/3\/hausverwaltung_logo_2020.png","contentUrl":"https:\/\/lucassen.de\/hausverwaltung\/wp-content\/uploads\/sites\/3\/hausverwaltung_logo_2020.png","width":277,"height":249,"caption":"Lucassen Hausverwaltung"},"image":{"@id":"https:\/\/lucassen.de\/hausverwaltung\/#\/schema\/logo\/image\/"}},{"@type":"Person","@id":"https:\/\/lucassen.de\/hausverwaltung\/#\/schema\/person\/6ef7cca5a9ab3db5e1de0e24086d1374","name":"Markus Lucassen","sameAs":["https:\/\/www.lucassen.de\/hausverwaltung","https:\/\/www.facebook.com\/maclucassen\/","https:\/\/www.instagram.com\/maclucassen\/","https:\/\/www.linkedin.com\/in\/lucassen\/","https:\/\/www.pinterest.de\/markuslucassen\/","https:\/\/x.com\/maclucassen"]}]}},"acf":[],"_links":{"self":[{"href":"https:\/\/lucassen.de\/hausverwaltung\/wp-json\/wp\/v2\/posts\/20202606","targetHints":{"allow":["GET"]}}],"collection":[{"href":"https:\/\/lucassen.de\/hausverwaltung\/wp-json\/wp\/v2\/posts"}],"about":[{"href":"https:\/\/lucassen.de\/hausverwaltung\/wp-json\/wp\/v2\/types\/post"}],"author":[{"embeddable":true,"href":"https:\/\/lucassen.de\/hausverwaltung\/wp-json\/wp\/v2\/users\/1"}],"replies":[{"embeddable":true,"href":"https:\/\/lucassen.de\/hausverwaltung\/wp-json\/wp\/v2\/comments?post=20202606"}],"version-history":[{"count":9,"href":"https:\/\/lucassen.de\/hausverwaltung\/wp-json\/wp\/v2\/posts\/20202606\/revisions"}],"predecessor-version":[{"id":20202622,"href":"https:\/\/lucassen.de\/hausverwaltung\/wp-json\/wp\/v2\/posts\/20202606\/revisions\/20202622"}],"wp:featuredmedia":[{"embeddable":true,"href":"https:\/\/lucassen.de\/hausverwaltung\/wp-json\/wp\/v2\/media\/20202815"}],"wp:attachment":[{"href":"https:\/\/lucassen.de\/hausverwaltung\/wp-json\/wp\/v2\/media?parent=20202606"}],"wp:term":[{"taxonomy":"category","embeddable":true,"href":"https:\/\/lucassen.de\/hausverwaltung\/wp-json\/wp\/v2\/categories?post=20202606"},{"taxonomy":"post_tag","embeddable":true,"href":"https:\/\/lucassen.de\/hausverwaltung\/wp-json\/wp\/v2\/tags?post=20202606"}],"curies":[{"name":"wp","href":"https:\/\/api.w.org\/{rel}","templated":true}]}}