{"id":20203983,"date":"2024-12-09T11:45:50","date_gmt":"2024-12-09T10:45:50","guid":{"rendered":"https:\/\/lucassen.de\/hausverwaltung\/?p=20203983"},"modified":"2025-06-16T09:14:41","modified_gmt":"2025-06-16T07:14:41","slug":"ein-balkonkraftwerk-und-die-versicherungsfrage","status":"publish","type":"post","link":"https:\/\/lucassen.de\/hausverwaltung\/ein-balkonkraftwerk-und-die-versicherungsfrage.html","title":{"rendered":"Ein Balkonkraftwerk und die Versicherungsfrage"},"content":{"rendered":"\n<h2 class=\"wp-block-heading\">Was muss ich dabei beachten?<\/h2>\n\n\n\n<p><strong>Ein Mieter von mir m\u00f6chte auf seinem Balkon eine Minisolaranlage anbringen. Im Prinzip habe ich nichts dagegen, mache mir aber Gedanken wegen der Geb\u00e4udeversicherung.<\/strong><\/p>\n\n\n\n<p>Sind Minisolaranlagen fest mit Geb\u00e4ude oder Dach verbunden, so ist die Wohngeb\u00e4udeversicherung zu informieren und zu \u00fcberpr\u00fcfen, ob und wie umfangreich der Versicherungsschutz durch die Wohngeb\u00e4udeversicherung und Geb\u00e4udehaftpflichtversicherung ist. Hier ist eine spezielle Photovoltaik-Versicherung bzw. Erg\u00e4nzung des Moduls der Wohngeb\u00e4udeversicherung, insbesondere der Geb\u00e4udehaftpflichtversicherung, notwendig.<\/p>\n\n\n\n<p>Sofern lediglich der einzelne Betreiber Nutzen aus diesem Balkonkraftwerk zieht, ist es rat-sam, vorab mit dem Betreiber zu vereinbaren, dass der durch die Installation und den Betrieb des Balkonkraftwerks verursachte Versiche-rungsbeitrag oder Erh\u00f6hungsbetrag von diesem allein zu tragen ist.<\/p>\n\n\n\n<p>Sind die Steckersolarger\u00e4te auf dem Balkon z.B. ohne Substanzeingriff durch Schellen am Balkongel\u00e4nder fest installiert, so ist nach Erweiterung der Musterbedingungen des Gesamtverbands der Versicherer im November 2023 keine spezielle Photovoltaik-Versicherung notwendig. Die Ger\u00e4te k\u00f6nnen durch eine Hausratversicherung des Mieters abgesichert werden. Hier sollte der jeweilige Betreiber der Anlage seinen Hausratsversicherungsvertrag pr\u00fcfen und ggfs. aufgrund der neuen Versicherungsbedingungen den Versicherungsschutz erg\u00e4nzen. Hinsichtlich der Verkehrssicherungspflicht, d.h. Haftung f\u00fcr Personen- und Sachsch\u00e4den bzgl. Dritter, ist der Abschluss einer Haftpflichtversicherung durch den Betreiber notwendig, um diese Risiken zu versichern.<\/p>\n\n\n\n<p>Daher ist es f\u00fcr den Vermieter in jedem Fall empfehlenswert, nicht nur den Umfang des Versicherungsschutzes mit der Wohngeb\u00e4ude- und Geb\u00e4udehaftpflichtversicherung abzukl\u00e4ren, sondern auch die Erteilung einer Erlaubnis zur Installation eines Balkonkraftwerks von dem Abschluss und dem Nachweis des Bestehens eines ausreichenden Versicherungsschutzes durch den Mieter abh\u00e4ngig zu machen.<\/p>\n","protected":false},"excerpt":{"rendered":"<p>Was muss ich dabei beachten? Ein Mieter von mir m\u00f6chte auf seinem Balkon eine Minisolaranlage anbringen. Im Prinzip habe ich nichts dagegen, mache mir aber Gedanken wegen der Geb\u00e4udeversicherung. Sind Minisolaranlagen fest mit Geb\u00e4ude oder [&hellip;]<\/p>\n","protected":false},"author":1,"featured_media":20202577,"comment_status":"closed","ping_status":"closed","sticky":false,"template":"","format":"standard","meta":{"_acf_changed":false,"footnotes":""},"categories":[1],"tags":[22,382,383,384,385,386,296,379,387,388],"class_list":["post-20203983","post","type-post","status-publish","format-standard","has-post-thumbnail","hentry","category-allgemein","tag-balkonkraftwerk","tag-gebaeudehaftpflichtversicherung","tag-gebaeudeversicherung","tag-haftpflichtversicherung","tag-hausratversicherung","tag-minisolaranlage","tag-photovoltaik","tag-steckersolargeraet","tag-verkehrssicherungspflicht","tag-wohngebaeudeversicherung"],"yoast_head":"<!-- This site is optimized with the Yoast SEO plugin v27.5 - https:\/\/yoast.com\/product\/yoast-seo-wordpress\/ -->\n<title>Ein Balkonkraftwerk und die Versicherungsfrage - Lucassen Hausverwaltung<\/title>\n<meta name=\"robots\" content=\"index, follow, max-snippet:-1, max-image-preview:large, max-video-preview:-1\" \/>\n<link rel=\"canonical\" href=\"https:\/\/lucassen.de\/hausverwaltung\/ein-balkonkraftwerk-und-die-versicherungsfrage.html\" \/>\n<meta property=\"og:locale\" content=\"de_DE\" \/>\n<meta property=\"og:type\" content=\"article\" \/>\n<meta property=\"og:title\" content=\"Ein Balkonkraftwerk und die Versicherungsfrage - Lucassen Hausverwaltung\" \/>\n<meta property=\"og:description\" content=\"Was muss ich dabei beachten? Ein Mieter von mir m\u00f6chte auf seinem Balkon eine Minisolaranlage anbringen. Im Prinzip habe ich nichts dagegen, mache mir aber Gedanken wegen der Geb\u00e4udeversicherung. Sind Minisolaranlagen fest mit Geb\u00e4ude oder [&hellip;]\" \/>\n<meta property=\"og:url\" content=\"https:\/\/lucassen.de\/hausverwaltung\/ein-balkonkraftwerk-und-die-versicherungsfrage.html\" \/>\n<meta property=\"og:site_name\" content=\"Lucassen Hausverwaltung\" \/>\n<meta property=\"article:author\" content=\"https:\/\/www.facebook.com\/maclucassen\/\" \/>\n<meta property=\"article:published_time\" content=\"2024-12-09T10:45:50+00:00\" \/>\n<meta property=\"article:modified_time\" content=\"2025-06-16T07:14:41+00:00\" \/>\n<meta property=\"og:image\" content=\"https:\/\/lucassen.de\/hausverwaltung\/wp-content\/uploads\/sites\/3\/Pressemitteilung.jpg\" \/>\n\t<meta property=\"og:image:width\" content=\"1200\" \/>\n\t<meta property=\"og:image:height\" content=\"798\" \/>\n\t<meta property=\"og:image:type\" content=\"image\/jpeg\" \/>\n<meta name=\"author\" content=\"Markus Lucassen\" \/>\n<meta name=\"twitter:card\" content=\"summary_large_image\" \/>\n<meta name=\"twitter:creator\" content=\"@maclucassen\" \/>\n<meta name=\"twitter:label1\" content=\"Verfasst von\" \/>\n\t<meta name=\"twitter:data1\" content=\"Markus Lucassen\" \/>\n\t<meta name=\"twitter:label2\" content=\"Gesch\u00e4tzte Lesezeit\" \/>\n\t<meta name=\"twitter:data2\" content=\"2\u00a0Minuten\" \/>\n<script type=\"application\/ld+json\" class=\"yoast-schema-graph\">{\"@context\":\"https:\\\/\\\/schema.org\",\"@graph\":[{\"@type\":\"Article\",\"@id\":\"https:\\\/\\\/lucassen.de\\\/hausverwaltung\\\/ein-balkonkraftwerk-und-die-versicherungsfrage.html#article\",\"isPartOf\":{\"@id\":\"https:\\\/\\\/lucassen.de\\\/hausverwaltung\\\/ein-balkonkraftwerk-und-die-versicherungsfrage.html\"},\"author\":{\"name\":\"Markus Lucassen\",\"@id\":\"https:\\\/\\\/lucassen.de\\\/hausverwaltung\\\/#\\\/schema\\\/person\\\/6ef7cca5a9ab3db5e1de0e24086d1374\"},\"headline\":\"Ein Balkonkraftwerk und die Versicherungsfrage\",\"datePublished\":\"2024-12-09T10:45:50+00:00\",\"dateModified\":\"2025-06-16T07:14:41+00:00\",\"mainEntityOfPage\":{\"@id\":\"https:\\\/\\\/lucassen.de\\\/hausverwaltung\\\/ein-balkonkraftwerk-und-die-versicherungsfrage.html\"},\"wordCount\":277,\"publisher\":{\"@id\":\"https:\\\/\\\/lucassen.de\\\/hausverwaltung\\\/#organization\"},\"image\":{\"@id\":\"https:\\\/\\\/lucassen.de\\\/hausverwaltung\\\/ein-balkonkraftwerk-und-die-versicherungsfrage.html#primaryimage\"},\"thumbnailUrl\":\"https:\\\/\\\/lucassen.de\\\/hausverwaltung\\\/wp-content\\\/uploads\\\/sites\\\/3\\\/Pressemitteilung.jpg\",\"keywords\":[\"Balkonkraftwerk\",\"Geb\u00e4udehaftpflichtversicherung\",\"Geb\u00e4udeversicherung\",\"Haftpflichtversicherung\",\"Hausratversicherung\",\"Minisolaranlage\",\"Photovoltaik\",\"Steckersolarger\u00e4t\",\"Verkehrssicherungspflicht\",\"Wohngeb\u00e4udeversicherung\"],\"inLanguage\":\"de\"},{\"@type\":\"WebPage\",\"@id\":\"https:\\\/\\\/lucassen.de\\\/hausverwaltung\\\/ein-balkonkraftwerk-und-die-versicherungsfrage.html\",\"url\":\"https:\\\/\\\/lucassen.de\\\/hausverwaltung\\\/ein-balkonkraftwerk-und-die-versicherungsfrage.html\",\"name\":\"Ein Balkonkraftwerk und die Versicherungsfrage - Lucassen Hausverwaltung\",\"isPartOf\":{\"@id\":\"https:\\\/\\\/lucassen.de\\\/hausverwaltung\\\/#website\"},\"primaryImageOfPage\":{\"@id\":\"https:\\\/\\\/lucassen.de\\\/hausverwaltung\\\/ein-balkonkraftwerk-und-die-versicherungsfrage.html#primaryimage\"},\"image\":{\"@id\":\"https:\\\/\\\/lucassen.de\\\/hausverwaltung\\\/ein-balkonkraftwerk-und-die-versicherungsfrage.html#primaryimage\"},\"thumbnailUrl\":\"https:\\\/\\\/lucassen.de\\\/hausverwaltung\\\/wp-content\\\/uploads\\\/sites\\\/3\\\/Pressemitteilung.jpg\",\"datePublished\":\"2024-12-09T10:45:50+00:00\",\"dateModified\":\"2025-06-16T07:14:41+00:00\",\"breadcrumb\":{\"@id\":\"https:\\\/\\\/lucassen.de\\\/hausverwaltung\\\/ein-balkonkraftwerk-und-die-versicherungsfrage.html#breadcrumb\"},\"inLanguage\":\"de\",\"potentialAction\":[{\"@type\":\"ReadAction\",\"target\":[\"https:\\\/\\\/lucassen.de\\\/hausverwaltung\\\/ein-balkonkraftwerk-und-die-versicherungsfrage.html\"]}]},{\"@type\":\"ImageObject\",\"inLanguage\":\"de\",\"@id\":\"https:\\\/\\\/lucassen.de\\\/hausverwaltung\\\/ein-balkonkraftwerk-und-die-versicherungsfrage.html#primaryimage\",\"url\":\"https:\\\/\\\/lucassen.de\\\/hausverwaltung\\\/wp-content\\\/uploads\\\/sites\\\/3\\\/Pressemitteilung.jpg\",\"contentUrl\":\"https:\\\/\\\/lucassen.de\\\/hausverwaltung\\\/wp-content\\\/uploads\\\/sites\\\/3\\\/Pressemitteilung.jpg\",\"width\":1200,\"height\":798},{\"@type\":\"BreadcrumbList\",\"@id\":\"https:\\\/\\\/lucassen.de\\\/hausverwaltung\\\/ein-balkonkraftwerk-und-die-versicherungsfrage.html#breadcrumb\",\"itemListElement\":[{\"@type\":\"ListItem\",\"position\":1,\"name\":\"Startseite\",\"item\":\"https:\\\/\\\/lucassen.de\\\/hausverwaltung\\\/\"},{\"@type\":\"ListItem\",\"position\":2,\"name\":\"Ein Balkonkraftwerk und die Versicherungsfrage\"}]},{\"@type\":\"WebSite\",\"@id\":\"https:\\\/\\\/lucassen.de\\\/hausverwaltung\\\/#website\",\"url\":\"https:\\\/\\\/lucassen.de\\\/hausverwaltung\\\/\",\"name\":\"Lucassen Hausverwaltung\",\"description\":\"\",\"publisher\":{\"@id\":\"https:\\\/\\\/lucassen.de\\\/hausverwaltung\\\/#organization\"},\"potentialAction\":[{\"@type\":\"SearchAction\",\"target\":{\"@type\":\"EntryPoint\",\"urlTemplate\":\"https:\\\/\\\/lucassen.de\\\/hausverwaltung\\\/?s={search_term_string}\"},\"query-input\":{\"@type\":\"PropertyValueSpecification\",\"valueRequired\":true,\"valueName\":\"search_term_string\"}}],\"inLanguage\":\"de\"},{\"@type\":\"Organization\",\"@id\":\"https:\\\/\\\/lucassen.de\\\/hausverwaltung\\\/#organization\",\"name\":\"Lucassen Hausverwaltung\",\"url\":\"https:\\\/\\\/lucassen.de\\\/hausverwaltung\\\/\",\"logo\":{\"@type\":\"ImageObject\",\"inLanguage\":\"de\",\"@id\":\"https:\\\/\\\/lucassen.de\\\/hausverwaltung\\\/#\\\/schema\\\/logo\\\/image\\\/\",\"url\":\"https:\\\/\\\/lucassen.de\\\/hausverwaltung\\\/wp-content\\\/uploads\\\/sites\\\/3\\\/hausverwaltung_logo_2020.png\",\"contentUrl\":\"https:\\\/\\\/lucassen.de\\\/hausverwaltung\\\/wp-content\\\/uploads\\\/sites\\\/3\\\/hausverwaltung_logo_2020.png\",\"width\":277,\"height\":249,\"caption\":\"Lucassen Hausverwaltung\"},\"image\":{\"@id\":\"https:\\\/\\\/lucassen.de\\\/hausverwaltung\\\/#\\\/schema\\\/logo\\\/image\\\/\"}},{\"@type\":\"Person\",\"@id\":\"https:\\\/\\\/lucassen.de\\\/hausverwaltung\\\/#\\\/schema\\\/person\\\/6ef7cca5a9ab3db5e1de0e24086d1374\",\"name\":\"Markus Lucassen\",\"sameAs\":[\"https:\\\/\\\/www.lucassen.de\\\/hausverwaltung\",\"https:\\\/\\\/www.facebook.com\\\/maclucassen\\\/\",\"https:\\\/\\\/www.instagram.com\\\/maclucassen\\\/\",\"https:\\\/\\\/www.linkedin.com\\\/in\\\/lucassen\\\/\",\"https:\\\/\\\/www.pinterest.de\\\/markuslucassen\\\/\",\"https:\\\/\\\/x.com\\\/maclucassen\"]}]}<\/script>\n<!-- \/ Yoast SEO plugin. -->","yoast_head_json":{"title":"Ein Balkonkraftwerk und die Versicherungsfrage - Lucassen Hausverwaltung","robots":{"index":"index","follow":"follow","max-snippet":"max-snippet:-1","max-image-preview":"max-image-preview:large","max-video-preview":"max-video-preview:-1"},"canonical":"https:\/\/lucassen.de\/hausverwaltung\/ein-balkonkraftwerk-und-die-versicherungsfrage.html","og_locale":"de_DE","og_type":"article","og_title":"Ein Balkonkraftwerk und die Versicherungsfrage - Lucassen Hausverwaltung","og_description":"Was muss ich dabei beachten? Ein Mieter von mir m\u00f6chte auf seinem Balkon eine Minisolaranlage anbringen. Im Prinzip habe ich nichts dagegen, mache mir aber Gedanken wegen der Geb\u00e4udeversicherung. Sind Minisolaranlagen fest mit Geb\u00e4ude oder [&hellip;]","og_url":"https:\/\/lucassen.de\/hausverwaltung\/ein-balkonkraftwerk-und-die-versicherungsfrage.html","og_site_name":"Lucassen Hausverwaltung","article_author":"https:\/\/www.facebook.com\/maclucassen\/","article_published_time":"2024-12-09T10:45:50+00:00","article_modified_time":"2025-06-16T07:14:41+00:00","og_image":[{"width":1200,"height":798,"url":"https:\/\/lucassen.de\/hausverwaltung\/wp-content\/uploads\/sites\/3\/Pressemitteilung.jpg","type":"image\/jpeg"}],"author":"Markus Lucassen","twitter_card":"summary_large_image","twitter_creator":"@maclucassen","twitter_misc":{"Verfasst von":"Markus Lucassen","Gesch\u00e4tzte Lesezeit":"2\u00a0Minuten"},"schema":{"@context":"https:\/\/schema.org","@graph":[{"@type":"Article","@id":"https:\/\/lucassen.de\/hausverwaltung\/ein-balkonkraftwerk-und-die-versicherungsfrage.html#article","isPartOf":{"@id":"https:\/\/lucassen.de\/hausverwaltung\/ein-balkonkraftwerk-und-die-versicherungsfrage.html"},"author":{"name":"Markus Lucassen","@id":"https:\/\/lucassen.de\/hausverwaltung\/#\/schema\/person\/6ef7cca5a9ab3db5e1de0e24086d1374"},"headline":"Ein Balkonkraftwerk und die Versicherungsfrage","datePublished":"2024-12-09T10:45:50+00:00","dateModified":"2025-06-16T07:14:41+00:00","mainEntityOfPage":{"@id":"https:\/\/lucassen.de\/hausverwaltung\/ein-balkonkraftwerk-und-die-versicherungsfrage.html"},"wordCount":277,"publisher":{"@id":"https:\/\/lucassen.de\/hausverwaltung\/#organization"},"image":{"@id":"https:\/\/lucassen.de\/hausverwaltung\/ein-balkonkraftwerk-und-die-versicherungsfrage.html#primaryimage"},"thumbnailUrl":"https:\/\/lucassen.de\/hausverwaltung\/wp-content\/uploads\/sites\/3\/Pressemitteilung.jpg","keywords":["Balkonkraftwerk","Geb\u00e4udehaftpflichtversicherung","Geb\u00e4udeversicherung","Haftpflichtversicherung","Hausratversicherung","Minisolaranlage","Photovoltaik","Steckersolarger\u00e4t","Verkehrssicherungspflicht","Wohngeb\u00e4udeversicherung"],"inLanguage":"de"},{"@type":"WebPage","@id":"https:\/\/lucassen.de\/hausverwaltung\/ein-balkonkraftwerk-und-die-versicherungsfrage.html","url":"https:\/\/lucassen.de\/hausverwaltung\/ein-balkonkraftwerk-und-die-versicherungsfrage.html","name":"Ein Balkonkraftwerk und die Versicherungsfrage - Lucassen Hausverwaltung","isPartOf":{"@id":"https:\/\/lucassen.de\/hausverwaltung\/#website"},"primaryImageOfPage":{"@id":"https:\/\/lucassen.de\/hausverwaltung\/ein-balkonkraftwerk-und-die-versicherungsfrage.html#primaryimage"},"image":{"@id":"https:\/\/lucassen.de\/hausverwaltung\/ein-balkonkraftwerk-und-die-versicherungsfrage.html#primaryimage"},"thumbnailUrl":"https:\/\/lucassen.de\/hausverwaltung\/wp-content\/uploads\/sites\/3\/Pressemitteilung.jpg","datePublished":"2024-12-09T10:45:50+00:00","dateModified":"2025-06-16T07:14:41+00:00","breadcrumb":{"@id":"https:\/\/lucassen.de\/hausverwaltung\/ein-balkonkraftwerk-und-die-versicherungsfrage.html#breadcrumb"},"inLanguage":"de","potentialAction":[{"@type":"ReadAction","target":["https:\/\/lucassen.de\/hausverwaltung\/ein-balkonkraftwerk-und-die-versicherungsfrage.html"]}]},{"@type":"ImageObject","inLanguage":"de","@id":"https:\/\/lucassen.de\/hausverwaltung\/ein-balkonkraftwerk-und-die-versicherungsfrage.html#primaryimage","url":"https:\/\/lucassen.de\/hausverwaltung\/wp-content\/uploads\/sites\/3\/Pressemitteilung.jpg","contentUrl":"https:\/\/lucassen.de\/hausverwaltung\/wp-content\/uploads\/sites\/3\/Pressemitteilung.jpg","width":1200,"height":798},{"@type":"BreadcrumbList","@id":"https:\/\/lucassen.de\/hausverwaltung\/ein-balkonkraftwerk-und-die-versicherungsfrage.html#breadcrumb","itemListElement":[{"@type":"ListItem","position":1,"name":"Startseite","item":"https:\/\/lucassen.de\/hausverwaltung\/"},{"@type":"ListItem","position":2,"name":"Ein Balkonkraftwerk und die Versicherungsfrage"}]},{"@type":"WebSite","@id":"https:\/\/lucassen.de\/hausverwaltung\/#website","url":"https:\/\/lucassen.de\/hausverwaltung\/","name":"Lucassen Hausverwaltung","description":"","publisher":{"@id":"https:\/\/lucassen.de\/hausverwaltung\/#organization"},"potentialAction":[{"@type":"SearchAction","target":{"@type":"EntryPoint","urlTemplate":"https:\/\/lucassen.de\/hausverwaltung\/?s={search_term_string}"},"query-input":{"@type":"PropertyValueSpecification","valueRequired":true,"valueName":"search_term_string"}}],"inLanguage":"de"},{"@type":"Organization","@id":"https:\/\/lucassen.de\/hausverwaltung\/#organization","name":"Lucassen Hausverwaltung","url":"https:\/\/lucassen.de\/hausverwaltung\/","logo":{"@type":"ImageObject","inLanguage":"de","@id":"https:\/\/lucassen.de\/hausverwaltung\/#\/schema\/logo\/image\/","url":"https:\/\/lucassen.de\/hausverwaltung\/wp-content\/uploads\/sites\/3\/hausverwaltung_logo_2020.png","contentUrl":"https:\/\/lucassen.de\/hausverwaltung\/wp-content\/uploads\/sites\/3\/hausverwaltung_logo_2020.png","width":277,"height":249,"caption":"Lucassen Hausverwaltung"},"image":{"@id":"https:\/\/lucassen.de\/hausverwaltung\/#\/schema\/logo\/image\/"}},{"@type":"Person","@id":"https:\/\/lucassen.de\/hausverwaltung\/#\/schema\/person\/6ef7cca5a9ab3db5e1de0e24086d1374","name":"Markus Lucassen","sameAs":["https:\/\/www.lucassen.de\/hausverwaltung","https:\/\/www.facebook.com\/maclucassen\/","https:\/\/www.instagram.com\/maclucassen\/","https:\/\/www.linkedin.com\/in\/lucassen\/","https:\/\/www.pinterest.de\/markuslucassen\/","https:\/\/x.com\/maclucassen"]}]}},"acf":[],"_links":{"self":[{"href":"https:\/\/lucassen.de\/hausverwaltung\/wp-json\/wp\/v2\/posts\/20203983","targetHints":{"allow":["GET"]}}],"collection":[{"href":"https:\/\/lucassen.de\/hausverwaltung\/wp-json\/wp\/v2\/posts"}],"about":[{"href":"https:\/\/lucassen.de\/hausverwaltung\/wp-json\/wp\/v2\/types\/post"}],"author":[{"embeddable":true,"href":"https:\/\/lucassen.de\/hausverwaltung\/wp-json\/wp\/v2\/users\/1"}],"replies":[{"embeddable":true,"href":"https:\/\/lucassen.de\/hausverwaltung\/wp-json\/wp\/v2\/comments?post=20203983"}],"version-history":[{"count":1,"href":"https:\/\/lucassen.de\/hausverwaltung\/wp-json\/wp\/v2\/posts\/20203983\/revisions"}],"predecessor-version":[{"id":20203984,"href":"https:\/\/lucassen.de\/hausverwaltung\/wp-json\/wp\/v2\/posts\/20203983\/revisions\/20203984"}],"wp:featuredmedia":[{"embeddable":true,"href":"https:\/\/lucassen.de\/hausverwaltung\/wp-json\/wp\/v2\/media\/20202577"}],"wp:attachment":[{"href":"https:\/\/lucassen.de\/hausverwaltung\/wp-json\/wp\/v2\/media?parent=20203983"}],"wp:term":[{"taxonomy":"category","embeddable":true,"href":"https:\/\/lucassen.de\/hausverwaltung\/wp-json\/wp\/v2\/categories?post=20203983"},{"taxonomy":"post_tag","embeddable":true,"href":"https:\/\/lucassen.de\/hausverwaltung\/wp-json\/wp\/v2\/tags?post=20203983"}],"curies":[{"name":"wp","href":"https:\/\/api.w.org\/{rel}","templated":true}]}}